{"id":8157,"date":"2018-08-06T11:30:18","date_gmt":"2018-08-06T09:30:18","guid":{"rendered":"http:\/\/MiGel-Photo.com\/blog\/?p=8157"},"modified":"2019-05-12T18:01:31","modified_gmt":"2019-05-12T16:01:31","slug":"der-mythos-der-zebra-reflektoren","status":"publish","type":"post","link":"https:\/\/migel-photo.com\/blog\/review-test\/der-mythos-der-zebra-reflektoren\/","title":{"rendered":"Der Mythos der Zebra-Reflektoren"},"content":{"rendered":"<p>Reflektoren sind ein gern genutztes und empfohlenes Mittel zur Lichtsteuerung. Das ist verst\u00e4ndlich, sind sie doch meist g\u00fcnstig zu bekommen (vor allem im Vergleich zu Blitzen), stromunabh\u00e4ngig und relativ einfach zu verwenden.<\/p>\n<p>In der Vergangenheit gab es vor allem 3 verschiedene Oberfl\u00e4chen f\u00fcr Reflektoren, die sich in ihrer Wirkung und damit den Anwendungsszenarien unterschieden: Silber, Gold und Wei\u00df (schwarz lasse ich au\u00dfen vor, da es sich dabei genau genommen nicht um einen Reflektor, sondern einen Absorber handelt).<\/p>\n<figure id=\"attachment_8167\" aria-describedby=\"caption-attachment-8167\" style=\"width: 367px\" class=\"wp-caption alignleft\"><a href=\"https:\/\/MiGel-Photo.com\/blog\/wp-content\/uploads\/Park_Reflektor_silber.jpg\" rel=\"lightbox[8157]\"><img loading=\"lazy\" class=\"wp-image-8167\" src=\"http:\/\/MiGel-Photo.com\/blog\/wp-content\/uploads\/Park_Reflektor_silber-533x800.jpg\" alt=\"Ausleuchtung im Schatten mit (neutralem) Silberreflektor. Man achte auf Haut- und Hintergrundfarbe!\" width=\"367\" height=\"551\" srcset=\"https:\/\/migel-photo.com\/blog\/wp-content\/uploads\/Park_Reflektor_silber-533x800.jpg 533w, https:\/\/migel-photo.com\/blog\/wp-content\/uploads\/Park_Reflektor_silber-227x340.jpg 227w, https:\/\/migel-photo.com\/blog\/wp-content\/uploads\/Park_Reflektor_silber-133x200.jpg 133w, https:\/\/migel-photo.com\/blog\/wp-content\/uploads\/Park_Reflektor_silber-768x1152.jpg 768w, https:\/\/migel-photo.com\/blog\/wp-content\/uploads\/Park_Reflektor_silber.jpg 1000w\" sizes=\"(max-width: 367px) 100vw, 367px\" \/><\/a><figcaption id=\"caption-attachment-8167\" class=\"wp-caption-text\">Ausleuchtung im Schatten mit (neutralem) Silberreflektor.<br \/>Man achte auf Haut- und Hintergrundfarbe!<\/figcaption><\/figure>\n<p><strong>Silber<\/strong> reflektiert Licht recht gut, hat also eine hohe Ausbeute. Das reflektierte Licht ist zudem relativ direkt, kann also etwas hart wirken. Das merkt man vor allem im direkten Vergleich mit <strong>Wei\u00df<\/strong>, das dazu neigt Licht undifferenzierter zu streuen und zudem mehr Licht schluckt und so weniger auf das Motiv umlenkt als der glitzernde &#8222;Bruder&#8220;.<br \/>\n<strong>Gold<\/strong>\u00a0verh\u00e4lt sich sehr \u00e4hnlich wie Silber, mit dem Unterschied, dass es die Farbtemperatur des reflektierten Lichts ein kr\u00e4ftiges St\u00fcck hin zum &#8222;warmen&#8220; Spektrum verschiebt.<\/p>\n<p>Ein leider sehr weit verbreiteter <strong>Irrtum<\/strong> resultiert aus letztgenannter Farbtemperatur\u00e4nderung: Viele glauben, Silber w\u00fcrde die Farbtemperatur zu kalt hin \u00e4ndern (w\u00e4hrend Wei\u00df neutral ist). Das ist (normalerweise) falsch. Ein guter Silberreflektor \u00e4ndert die Temperatur des zur\u00fcckgeworfenen Lichts <span style=\"text-decoration: underline;\">nicht<\/span>. Das &#8222;gut&#8220; muss betont werden, da es sehr wohl denkbar ist, das schlechte Reflektoren (und zwar sowohl silberne als auch wei\u00dfe) sogenannte &#8222;optische Aufheller&#8220; beinhalten. Diese verschieben die Farbtemperatur tats\u00e4chlich etwas ins blaue Spektrum, weil wir Menschen das dann (sowohl auf der Oberfl\u00e4che als auch der Reflektion) als noch heller interpretieren. Absoluter Standard ist dieser Trick beispielsweise beim Blatt Papier, das praktisch nie wirklich richtig wei\u00df ist.<br \/>\nNebenbei ist deshalb ein wei\u00dfes Blatt Papier nicht die genaueste Quelle f\u00fcr einen Wei\u00dfabgleich&#8230;<\/p>\n<p>Ein Goldreflektor &#8222;w\u00e4rmt&#8220; also das zur\u00fcckgeworfene Licht kr\u00e4ftig auf. Das ist durchaus beliebt bei Stilllife- und (stimmungsvollen) Produkt-Aufnahmen. Die mehr orange gef\u00e4rbten aufgehellten Bereiche oder Schatten erzeugen eine heimelige Stimmung und das so entstandene Mischlicht kann sehr interessant wirken.<\/p>\n<p>Eine Zeit lang war das auch f\u00fcr Portrait-Aufnahmen sehr beliebt, weil es eine gesundere, braunere Hautfarbe &#8222;vorgaukelt&#8220;. Schnell gewann aber bei vielen die Einsicht, dass der Orange-Ton zu stark und unnat\u00fcrlich wirkt.<\/p>\n<figure id=\"attachment_8169\" aria-describedby=\"caption-attachment-8169\" style=\"width: 353px\" class=\"wp-caption alignright\"><a href=\"https:\/\/MiGel-Photo.com\/blog\/wp-content\/uploads\/Park_Reflektor_Zebra.jpg\" rel=\"lightbox[8157]\"><img loading=\"lazy\" class=\"wp-image-8169\" src=\"http:\/\/MiGel-Photo.com\/blog\/wp-content\/uploads\/Park_Reflektor_Zebra-533x800.jpg\" alt=\"Ausleuchtung im Schatten mit (simuliertem) Zebrareflektor. Die Hautfarbe des Models ist &quot;w\u00e4rmer&quot;, der Hintergrund bleibt identisch zum letzten Beispiel.\" width=\"353\" height=\"530\" srcset=\"https:\/\/migel-photo.com\/blog\/wp-content\/uploads\/Park_Reflektor_Zebra-533x800.jpg 533w, https:\/\/migel-photo.com\/blog\/wp-content\/uploads\/Park_Reflektor_Zebra-227x340.jpg 227w, https:\/\/migel-photo.com\/blog\/wp-content\/uploads\/Park_Reflektor_Zebra-133x200.jpg 133w, https:\/\/migel-photo.com\/blog\/wp-content\/uploads\/Park_Reflektor_Zebra-768x1152.jpg 768w, https:\/\/migel-photo.com\/blog\/wp-content\/uploads\/Park_Reflektor_Zebra.jpg 1000w\" sizes=\"(max-width: 353px) 100vw, 353px\" \/><\/a><figcaption id=\"caption-attachment-8169\" class=\"wp-caption-text\">Ausleuchtung im Schatten mit (simuliertem) Zebrareflektor.<br \/>Die Hautfarbe des Models ist &#8222;w\u00e4rmer&#8220;, der Hintergrund bleibt identisch zum letzten Beispiel.<\/figcaption><\/figure>\n<p>An dieser Stelle entwickelten clevere Hersteller eine Alternative, die <strong>Zebra<\/strong>-Oberfl\u00e4che. Das Versprechen: Hohe Lichtausbeute bei gleichzeitig &#8222;ges\u00fcnderen&#8220;, w\u00e4rmeren Hautt\u00f6ne ohne den heftig orangen Stich. Zielgruppe sind dementsprechend auch vor allem Portrait- und Hochzeits-Fotografen.<br \/>\nDen griffigen Namen bekommt der Bezug durch seinen Aufbau. Wie bei einem Zebra sind unterschiedlich farbige Streifen (silber\/gold) direkt nebeneinander aufgebracht, um die Wirkung der zwei einzelnen Oberfl\u00e4chen effektiv zu kombinieren.<br \/>\nUnd ja, das funktioniert. Der Zebra-Reflektor ist, dank der hoch reflektierenden Oberfl\u00e4che, nat\u00fcrlich \u00e4hnlich effektiv (und harsch) wie ein Silber- oder Gold-Reflektor. Die Farbtemperatur-Aufw\u00e4rmung ist aber deutlich geringer als bei Gold.<\/p>\n<p>Was aber gern vergessen oder ignoriert wird ist, dass durch einen Zebra-Reflektor immer noch eine <strong>Mischlicht<\/strong>-Situation erzeugt wird! Egal welche Farbtemperatur das reflektierte Licht hat, es ist unweigerlich k\u00e4lter als das reflektierte. Im Bild sind aber eigentlich immer beide Lichtarten wirksam und sichtbar.<br \/>\nBei der <strong>Studioaufnahme<\/strong> ist das oft auf dem Motiv direkt, man hat hier also <strong>unterschiedliche Farbtemperaturen<\/strong> direkt auf dem Motiv. Das kann man als Effekt einsetzen, wie jeder Effekt ist das aber nichts f\u00fcr &#8222;jeden Tag&#8220; und weit entfernt von farbkorrektem Arbeiten.<\/p>\n<figure id=\"attachment_8170\" aria-describedby=\"caption-attachment-8170\" style=\"width: 369px\" class=\"wp-caption alignleft\"><a href=\"https:\/\/MiGel-Photo.com\/blog\/wp-content\/uploads\/Park_Reflektor_Zebra_neutral.jpg\" rel=\"lightbox[8157]\"><img loading=\"lazy\" class=\"wp-image-8170\" src=\"http:\/\/MiGel-Photo.com\/blog\/wp-content\/uploads\/Park_Reflektor_Zebra_neutral-533x800.jpg\" alt=\"Wieder der (simulierte) Zebrareflektor, diesmal mit &quot;korrektem&quot; Wei\u00dfabgleich beim Modell. Der Hintergrund wird damit im Vergleich zu den anderen Bildern &quot;k\u00fchler&quot;.\" width=\"369\" height=\"554\" srcset=\"https:\/\/migel-photo.com\/blog\/wp-content\/uploads\/Park_Reflektor_Zebra_neutral-533x800.jpg 533w, https:\/\/migel-photo.com\/blog\/wp-content\/uploads\/Park_Reflektor_Zebra_neutral-227x340.jpg 227w, https:\/\/migel-photo.com\/blog\/wp-content\/uploads\/Park_Reflektor_Zebra_neutral-133x200.jpg 133w, https:\/\/migel-photo.com\/blog\/wp-content\/uploads\/Park_Reflektor_Zebra_neutral-768x1152.jpg 768w, https:\/\/migel-photo.com\/blog\/wp-content\/uploads\/Park_Reflektor_Zebra_neutral.jpg 1000w\" sizes=\"(max-width: 369px) 100vw, 369px\" \/><\/a><figcaption id=\"caption-attachment-8170\" class=\"wp-caption-text\">Wieder der (simulierte) Zebrareflektor, diesmal mit &#8222;korrektem&#8220; Wei\u00dfabgleich beim Modell.<br \/>Der Hintergrund wird damit im Vergleich zu den anderen Bildern &#8222;k\u00fchler&#8220;.<\/figcaption><\/figure>\n<p>Man hat im Grunde 2 Optionen: Entweder stellt man den Wei\u00dfabgleich an der Kamera bzw. im RAW so ein, dass die mit Reflektor aufgehellten Bereiche &#8222;korrekt&#8220; sind, dann sind aber die direkt beleuchteten Teile zu &#8222;kalt&#8220;\/blau. Oder man stellt den Abgleich auf den anderen Bereich ein, dann sind die aufgehellten zu &#8222;warm&#8220;\/orange.<br \/>\nAm h\u00e4ufigsten verwendet wird der Zebra-Reflektor aber wohl ohnehin drau\u00dfen und mit <strong>Available Light<\/strong>.<br \/>\nDa steht z.B. das Modell im Schatten eines Baumes, w\u00e4hrend im sonstigen Park die direkte Sonne brennt. Diese f\u00fcr Kameras oft nur schwer beherrschbare Hochkontrast-Situation l\u00e4sst sich mit einem Reflektor deutlich entsch\u00e4rfen, dazu das Licht aktiv (um)lenken, um das Modell gezielter und kontrollierter auszuleuchten. Daf\u00fcr nutzt man nat\u00fcrlich das direkte Licht, dass \u00fcber den Reflektor auf das Modell gelenkt wird.<br \/>\nVerwendet man hier nun den <strong>Zebra<\/strong>-Reflektor, ist das auf das Modell treffende Licht w\u00e4rmer (orangener) als das, was auf die sonnige Umgebung f\u00e4llt. Ist diese Umgebung nicht im Bild, ist die reflektierte Lichtfarbe eigentlich v\u00f6llig egal, da sich die Farbtemperatur dann direkt f\u00fcr die Aufnahme einstellen l\u00e4sst, auch etwas w\u00e4rmer, wenn man das bevorzugt. Der Zebra-Reflektor <strong>bringt hier nichts<\/strong> (gegen\u00fcber dem silbernen).<br \/>\nMeist aber wird direkt beschienene Umgebung mit im Bild sein, z.B. als (unscharfer) Hintergrund.<br \/>\nHier entsteht dann wieder die schon im Studio beschriebene Mischlicht-Situation: W\u00e4rmer auf dem Motiv, k\u00e4lter auf der Umgebung.<br \/>\nVerwendet man hier den Wei\u00dfabgleich f\u00fcr die Umgebung, erscheint das Modell st\u00e4rker orange. Meiner Meinung nach wirkt das oft etwas <strong>zu unnat\u00fcrlich<\/strong>.<br \/>\nAber selbst, wenn man den Effekt mag, gebe ich folgendes zu bedenken: Zum einen l\u00e4sst sich das heute sehr leicht und viel besser dosiert durch gezielte lokale \u00c4nderungen (&#8222;Wei\u00dfabgleichspinsel&#8220;) in vielen RAW-Konvertern bewirken. Zudem: In den beschriebenen sonnigen Motiven wirkt das Bild meist deutlich besser, wenn dieser sonnige Bereich auch etwas orange wirkt. Daf\u00fcr aber m\u00fc\u00dfte man den Wei\u00dfabgleich weiter Richtung &#8222;warm&#8220; verschieben, was den Zebrareflektor-Effekt auf der Haut weiter intensiviert und dann\u00a0definitiv <strong>ins unangenehme abdriftet<\/strong>.<br \/>\nDie zweite Option ist nat\u00fcrlich, den Wei\u00dfabgleich auf das Modell abzustimmen, womit aber die<strong> Umgebung zu kalt<\/strong>\/bl\u00e4ulich wirkt. Selten das, was man m\u00f6chte.<\/p>\n<figure id=\"attachment_8168\" aria-describedby=\"caption-attachment-8168\" style=\"width: 373px\" class=\"wp-caption alignleft\"><a href=\"https:\/\/MiGel-Photo.com\/blog\/wp-content\/uploads\/Park_Reflektor_Silber_warm.jpg\" rel=\"lightbox[8157]\"><img loading=\"lazy\" class=\"wp-image-8168\" src=\"http:\/\/MiGel-Photo.com\/blog\/wp-content\/uploads\/Park_Reflektor_Silber_warm-533x800.jpg\" alt=\"Hier sieht man wieder die Wirkung des neutralen Silberreflektors, aber diesmal mit insgesamt angehobenem Kelvin-Wert (&quot;w\u00e4rmerer&quot; Wei\u00dfabgleich). Der Hintergrund wirkt deutlich summerlicher, die Haut des Modells ist noch nicht quietschig orange (wie das bei Zebra der Fall gewesen w\u00e4re).\" width=\"373\" height=\"560\" srcset=\"https:\/\/migel-photo.com\/blog\/wp-content\/uploads\/Park_Reflektor_Silber_warm-533x800.jpg 533w, https:\/\/migel-photo.com\/blog\/wp-content\/uploads\/Park_Reflektor_Silber_warm-227x340.jpg 227w, https:\/\/migel-photo.com\/blog\/wp-content\/uploads\/Park_Reflektor_Silber_warm-133x200.jpg 133w, https:\/\/migel-photo.com\/blog\/wp-content\/uploads\/Park_Reflektor_Silber_warm-768x1152.jpg 768w, https:\/\/migel-photo.com\/blog\/wp-content\/uploads\/Park_Reflektor_Silber_warm.jpg 1000w\" sizes=\"(max-width: 373px) 100vw, 373px\" \/><\/a><figcaption id=\"caption-attachment-8168\" class=\"wp-caption-text\">Hier sieht man wieder die Wirkung des neutralen Silberreflektors, aber diesmal mit insgesamt angehobenem Kelvin-Wert (&#8222;w\u00e4rmerer&#8220; Wei\u00dfabgleich).<br \/>Der Hintergrund wirkt deutlich sommerlicher, die Haut des Modells ist noch nicht quietschig orange (wie das bei Zebra der Fall gewesen w\u00e4re).<\/figcaption><\/figure>\n<p>Auch ich hatte einen gro\u00dfen Zebra-Reflektor. Nach ein paar Testausfl\u00fcgen damit stellte ich aber schnell fest, dass die Wirkung kontraproduktiv ist. Inzwischen habe ich wieder komplett auf neutrales silber bzw. wei\u00df umgestellt. Ich finde Zebra-Reflektoren aus den genannten Gr\u00fcnden\u00a0<strong>over-hyped und \u00fcberfl\u00fcssig<\/strong>, oft sogar negativ f\u00fcr die Bildwirkung.<br \/>\nViel interessanter als die vorhandenen silber-gold-Zebras w\u00e4re \u00fcbrigens meiner Meinung nach eine Variante, die eine leichte Abk\u00fchlung der reflektierten Farbtemperatur erreicht. So lie\u00dfe sich durch deutlich w\u00e4rmeren Wei\u00dfabgleich eine viel sonnigere Grundstimmung ins Bild bringen, ohne dass das Modell zu sehr nach &#8222;Apfelsine&#8220; aussieht (die Umgebung &#8222;braucht&#8220; oft deutlich mehr Aufw\u00e4rmung als der Hautfarbe guttut),\u00a0 besonders bei Aufnahmen bei weniger strahlendem Wetter und in Herbst\/Winter. Man bedenke, ich wohne &amp; arbeite in Hamburg!<\/p>\n<p>Zum Schluss brauche ich Euer Feedback: Ist das f\u00fcr Euch eine neue Betrachtungsweise? Ergibt sie Sinn und stimmt Ihr mir zu bei meiner Einsch\u00e4tzung und Erkl\u00e4rung? Oder wart Ihr schon selbst auf dieses Problem gestossen? Oder habe ich doch einen Denk- oder Argumentationsfehler in meinen Ausf\u00fchrungen?<br \/>\n<strong>Bitte schreibt mir in die Kommentare!<\/strong><\/p>\n","protected":false},"excerpt":{"rendered":"<p>Reflektoren sind ein gern genutztes und empfohlenes Mittel zur Lichtsteuerung. Das ist verst\u00e4ndlich, sind sie doch meist g\u00fcnstig zu bekommen (vor allem im Vergleich zu Blitzen), stromunabh\u00e4ngig und relativ einfach zu verwenden. In der Vergangenheit gab es vor allem 3 verschiedene Oberfl\u00e4chen f\u00fcr Reflektoren, die sich in ihrer Wirkung und damit den Anwendungsszenarien unterschieden: Silber, &hellip;<\/p>\n<p class=\"read-more\"> <a class=\"\" href=\"https:\/\/migel-photo.com\/blog\/review-test\/der-mythos-der-zebra-reflektoren\/\"> <span class=\"screen-reader-text\">Der Mythos der Zebra-Reflektoren<\/span> Weiterlesen &raquo;<\/a><\/p>\n","protected":false},"author":9,"featured_media":8178,"comment_status":"open","ping_status":"open","sticky":false,"template":"","format":"standard","meta":{"_uag_custom_page_level_css":"","site-sidebar-layout":"default","site-content-layout":"","ast-site-content-layout":"","site-content-style":"default","site-sidebar-style":"default","ast-global-header-display":"","ast-banner-title-visibility":"","ast-main-header-display":"","ast-hfb-above-header-display":"","ast-hfb-below-header-display":"","ast-hfb-mobile-header-display":"","site-post-title":"","ast-breadcrumbs-content":"","ast-featured-img":"","footer-sml-layout":"","theme-transparent-header-meta":"","adv-header-id-meta":"","stick-header-meta":"","header-above-stick-meta":"","header-main-stick-meta":"","header-below-stick-meta":"","astra-migrate-meta-layouts":"default","ast-page-background-enabled":"default","ast-page-background-meta":{"desktop":{"background-color":"","background-image":"","background-repeat":"repeat","background-position":"center center","background-size":"auto","background-attachment":"scroll","background-type":"","background-media":"","overlay-type":"","overlay-color":"","overlay-gradient":""},"tablet":{"background-color":"","background-image":"","background-repeat":"repeat","background-position":"center center","background-size":"auto","background-attachment":"scroll","background-type":"","background-media":"","overlay-type":"","overlay-color":"","overlay-gradient":""},"mobile":{"background-color":"","background-image":"","background-repeat":"repeat","background-position":"center center","background-size":"auto","background-attachment":"scroll","background-type":"","background-media":"","overlay-type":"","overlay-color":"","overlay-gradient":""}},"ast-content-background-meta":{"desktop":{"background-color":"var(--ast-global-color-5)","background-image":"","background-repeat":"repeat","background-position":"center center","background-size":"auto","background-attachment":"scroll","background-type":"","background-media":"","overlay-type":"","overlay-color":"","overlay-gradient":""},"tablet":{"background-color":"var(--ast-global-color-5)","background-image":"","background-repeat":"repeat","background-position":"center center","background-size":"auto","background-attachment":"scroll","background-type":"","background-media":"","overlay-type":"","overlay-color":"","overlay-gradient":""},"mobile":{"background-color":"var(--ast-global-color-5)","background-image":"","background-repeat":"repeat","background-position":"center center","background-size":"auto","background-attachment":"scroll","background-type":"","background-media":"","overlay-type":"","overlay-color":"","overlay-gradient":""}},"spay_email":"","jetpack_publicize_message":"","jetpack_is_tweetstorm":false,"jetpack_publicize_feature_enabled":true,"_expiration-date-status":"saved","_expiration-date":0,"_expiration-date-type":"","_expiration-date-categories":[],"_expiration-date-options":[]},"categories":[512,58,7],"tags":[895,45,52,804,1444,1149,653,1449,205,842,1289,262,395,1292,384,791,1447,399,490,1446,53,171,1288,1448,847,1004,1445],"aioseo_notices":[],"jetpack_featured_media_url":"https:\/\/migel-photo.com\/blog\/wp-content\/uploads\/Park_Reflektor_Aufmacher.jpg","jetpack_publicize_connections":[],"uagb_featured_image_src":{"full":["https:\/\/migel-photo.com\/blog\/wp-content\/uploads\/Park_Reflektor_Aufmacher.jpg",1500,833,false],"thumbnail":["https:\/\/migel-photo.com\/blog\/wp-content\/uploads\/Park_Reflektor_Aufmacher-200x111.jpg",200,111,true],"medium":["https:\/\/migel-photo.com\/blog\/wp-content\/uploads\/Park_Reflektor_Aufmacher-340x189.jpg",340,189,true],"medium_large":["https:\/\/migel-photo.com\/blog\/wp-content\/uploads\/Park_Reflektor_Aufmacher-768x426.jpg",768,426,true],"large":["https:\/\/migel-photo.com\/blog\/wp-content\/uploads\/Park_Reflektor_Aufmacher-800x444.jpg",800,444,true],"1536x1536":["https:\/\/migel-photo.com\/blog\/wp-content\/uploads\/Park_Reflektor_Aufmacher.jpg",1500,833,false],"2048x2048":["https:\/\/migel-photo.com\/blog\/wp-content\/uploads\/Park_Reflektor_Aufmacher.jpg",1500,833,false]},"uagb_author_info":{"display_name":"MiGel","author_link":"https:\/\/migel-photo.com\/blog\/author\/migel\/"},"uagb_comment_info":1,"uagb_excerpt":"Reflektoren sind ein gern genutztes und empfohlenes Mittel zur Lichtsteuerung. Das ist verst\u00e4ndlich, sind sie doch meist g\u00fcnstig zu bekommen (vor allem im Vergleich zu Blitzen), stromunabh\u00e4ngig und relativ einfach zu verwenden. In der Vergangenheit gab es vor allem 3 verschiedene Oberfl\u00e4chen f\u00fcr Reflektoren, die sich in ihrer Wirkung und damit den Anwendungsszenarien unterschieden: Silber,&hellip;","jetpack_shortlink":"https:\/\/wp.me\/p68Ase-27z","_links":{"self":[{"href":"https:\/\/migel-photo.com\/blog\/wp-json\/wp\/v2\/posts\/8157"}],"collection":[{"href":"https:\/\/migel-photo.com\/blog\/wp-json\/wp\/v2\/posts"}],"about":[{"href":"https:\/\/migel-photo.com\/blog\/wp-json\/wp\/v2\/types\/post"}],"author":[{"embeddable":true,"href":"https:\/\/migel-photo.com\/blog\/wp-json\/wp\/v2\/users\/9"}],"replies":[{"embeddable":true,"href":"https:\/\/migel-photo.com\/blog\/wp-json\/wp\/v2\/comments?post=8157"}],"version-history":[{"count":19,"href":"https:\/\/migel-photo.com\/blog\/wp-json\/wp\/v2\/posts\/8157\/revisions"}],"predecessor-version":[{"id":8415,"href":"https:\/\/migel-photo.com\/blog\/wp-json\/wp\/v2\/posts\/8157\/revisions\/8415"}],"wp:featuredmedia":[{"embeddable":true,"href":"https:\/\/migel-photo.com\/blog\/wp-json\/wp\/v2\/media\/8178"}],"wp:attachment":[{"href":"https:\/\/migel-photo.com\/blog\/wp-json\/wp\/v2\/media?parent=8157"}],"wp:term":[{"taxonomy":"category","embeddable":true,"href":"https:\/\/migel-photo.com\/blog\/wp-json\/wp\/v2\/categories?post=8157"},{"taxonomy":"post_tag","embeddable":true,"href":"https:\/\/migel-photo.com\/blog\/wp-json\/wp\/v2\/tags?post=8157"}],"curies":[{"name":"wp","href":"https:\/\/api.w.org\/{rel}","templated":true}]}}