{"id":368,"date":"2009-12-06T22:38:37","date_gmt":"2009-12-06T21:38:37","guid":{"rendered":"http:\/\/www.michael-gelfert.de\/blog\/?p=368"},"modified":"2009-12-06T22:38:37","modified_gmt":"2009-12-06T21:38:37","slug":"frohlichen-2-advent","status":"publish","type":"post","link":"https:\/\/migel-photo.com\/blog\/sonstiges\/frohlichen-2-advent\/","title":{"rendered":"Fr\u00f6hlichen 2. Advent!"},"content":{"rendered":"<figure id=\"attachment_369\" aria-describedby=\"caption-attachment-369\" style=\"width: 233px\" class=\"wp-caption alignleft\"><a href=\"https:\/\/www.migel-photo.com\/blog\/wp-content\/IMG_1580_400.jpg\" rel=\"lightbox[368]\"><img loading=\"lazy\" class=\"size-medium wp-image-369\" title=\"Gibt es auch Nikolaus-Engel?\" src=\"https:\/\/www.migel-photo.com\/blog\/wp-content\/IMG_1580_400-233x350.jpg\" alt=\"Gibt es auch Nikolaus-Engel?\" width=\"233\" height=\"350\" \/><\/a><figcaption id=\"caption-attachment-369\" class=\"wp-caption-text\">Gibt es auch Nikolaus-Engel?<\/figcaption><\/figure>\n<p>Hier sind wir wieder, mit dem n\u00e4chsten Adventswunsch und -foto. Diesmal passend zum Thema &#8222;Nikolaus &amp; Geschenke&#8220;. Wie das letzte schon etwas \u00e4lter (ich vermeide heute &#8222;Weihnachtsfotos&#8220; zu machen) aber ich finde, immer noch ganz ansehnlich. \ud83d\ude09<\/p>\n<p>In den n\u00e4chsten Tagen kommen dann auch noch 1, 2 Tipps, \u00fcber die ich in den letzten Tagen gestolpert bin und die ich nicht f\u00fcr mich behalten m\u00f6chte.<\/p>\n","protected":false},"excerpt":{"rendered":"<p>Hier sind wir wieder, mit dem n\u00e4chsten Adventswunsch und -foto. Diesmal passend zum Thema &#8222;Nikolaus &amp; Geschenke&#8220;. Wie das letzte schon etwas \u00e4lter (ich vermeide heute &#8222;Weihnachtsfotos&#8220; zu machen) aber ich finde, immer noch ganz ansehnlich. \ud83d\ude09 In den n\u00e4chsten Tagen kommen dann auch noch 1, 2 Tipps, \u00fcber die ich in den letzten Tagen &hellip;<\/p>\n<p class=\"read-more\"> <a class=\"\" href=\"https:\/\/migel-photo.com\/blog\/sonstiges\/frohlichen-2-advent\/\"> <span class=\"screen-reader-text\">Fr\u00f6hlichen 2. Advent!<\/span> Weiterlesen &raquo;<\/a><\/p>\n","protected":false},"author":9,"featured_media":0,"comment_status":"open","ping_status":"open","sticky":false,"template":"","format":"standard","meta":{"_uag_custom_page_level_css":"","site-sidebar-layout":"default","site-content-layout":"","ast-site-content-layout":"","site-content-style":"default","site-sidebar-style":"default","ast-global-header-display":"","ast-banner-title-visibility":"","ast-main-header-display":"","ast-hfb-above-header-display":"","ast-hfb-below-header-display":"","ast-hfb-mobile-header-display":"","site-post-title":"","ast-breadcrumbs-content":"","ast-featured-img":"","footer-sml-layout":"","theme-transparent-header-meta":"","adv-header-id-meta":"","stick-header-meta":"","header-above-stick-meta":"","header-main-stick-meta":"","header-below-stick-meta":"","astra-migrate-meta-layouts":"default","ast-page-background-enabled":"default","ast-page-background-meta":{"desktop":{"background-color":"","background-image":"","background-repeat":"repeat","background-position":"center center","background-size":"auto","background-attachment":"scroll","background-type":"","background-media":"","overlay-type":"","overlay-color":"","overlay-gradient":""},"tablet":{"background-color":"","background-image":"","background-repeat":"repeat","background-position":"center center","background-size":"auto","background-attachment":"scroll","background-type":"","background-media":"","overlay-type":"","overlay-color":"","overlay-gradient":""},"mobile":{"background-color":"","background-image":"","background-repeat":"repeat","background-position":"center center","background-size":"auto","background-attachment":"scroll","background-type":"","background-media":"","overlay-type":"","overlay-color":"","overlay-gradient":""}},"ast-content-background-meta":{"desktop":{"background-color":"var(--ast-global-color-5)","background-image":"","background-repeat":"repeat","background-position":"center center","background-size":"auto","background-attachment":"scroll","background-type":"","background-media":"","overlay-type":"","overlay-color":"","overlay-gradient":""},"tablet":{"background-color":"var(--ast-global-color-5)","background-image":"","background-repeat":"repeat","background-position":"center center","background-size":"auto","background-attachment":"scroll","background-type":"","background-media":"","overlay-type":"","overlay-color":"","overlay-gradient":""},"mobile":{"background-color":"var(--ast-global-color-5)","background-image":"","background-repeat":"repeat","background-position":"center center","background-size":"auto","background-attachment":"scroll","background-type":"","background-media":"","overlay-type":"","overlay-color":"","overlay-gradient":""}},"spay_email":"","jetpack_publicize_message":"","jetpack_is_tweetstorm":false,"jetpack_publicize_feature_enabled":true,"_expiration-date-status":"","_expiration-date":0,"_expiration-date-type":"","_expiration-date-categories":[],"_expiration-date-options":[]},"categories":[1],"tags":[],"aioseo_notices":[],"jetpack_featured_media_url":"","jetpack_publicize_connections":[],"uagb_featured_image_src":{"full":false,"thumbnail":false,"medium":false,"medium_large":false,"large":false,"1536x1536":false,"2048x2048":false},"uagb_author_info":{"display_name":"MiGel","author_link":"https:\/\/migel-photo.com\/blog\/author\/migel\/"},"uagb_comment_info":0,"uagb_excerpt":"Hier sind wir wieder, mit dem n\u00e4chsten Adventswunsch und -foto. Diesmal passend zum Thema &#8222;Nikolaus &amp; Geschenke&#8220;. Wie das letzte schon etwas \u00e4lter (ich vermeide heute &#8222;Weihnachtsfotos&#8220; zu machen) aber ich finde, immer noch ganz ansehnlich. \ud83d\ude09 In den n\u00e4chsten Tagen kommen dann auch noch 1, 2 Tipps, \u00fcber die ich in den letzten Tagen&hellip;","jetpack_shortlink":"https:\/\/wp.me\/p68Ase-5W","_links":{"self":[{"href":"https:\/\/migel-photo.com\/blog\/wp-json\/wp\/v2\/posts\/368"}],"collection":[{"href":"https:\/\/migel-photo.com\/blog\/wp-json\/wp\/v2\/posts"}],"about":[{"href":"https:\/\/migel-photo.com\/blog\/wp-json\/wp\/v2\/types\/post"}],"author":[{"embeddable":true,"href":"https:\/\/migel-photo.com\/blog\/wp-json\/wp\/v2\/users\/9"}],"replies":[{"embeddable":true,"href":"https:\/\/migel-photo.com\/blog\/wp-json\/wp\/v2\/comments?post=368"}],"version-history":[{"count":0,"href":"https:\/\/migel-photo.com\/blog\/wp-json\/wp\/v2\/posts\/368\/revisions"}],"wp:attachment":[{"href":"https:\/\/migel-photo.com\/blog\/wp-json\/wp\/v2\/media?parent=368"}],"wp:term":[{"taxonomy":"category","embeddable":true,"href":"https:\/\/migel-photo.com\/blog\/wp-json\/wp\/v2\/categories?post=368"},{"taxonomy":"post_tag","embeddable":true,"href":"https:\/\/migel-photo.com\/blog\/wp-json\/wp\/v2\/tags?post=368"}],"curies":[{"name":"wp","href":"https:\/\/api.w.org\/{rel}","templated":true}]}}