{"id":1013,"date":"2010-03-29T19:43:51","date_gmt":"2010-03-29T17:43:51","guid":{"rendered":"http:\/\/www.michael-gelfert.de\/blog\/?p=1013"},"modified":"2014-12-04T00:47:07","modified_gmt":"2014-12-03T23:47:07","slug":"zubehor-fur-lichtverlust","status":"publish","type":"post","link":"https:\/\/migel-photo.com\/blog\/tutorial\/zubehor-fur-lichtverlust\/","title":{"rendered":"Zubeh\u00f6r f\u00fcr Lichtverlust"},"content":{"rendered":"<p>Oliver Wende fragt in einem Kommentar zum letzten Artikel:<\/p>\n<blockquote><p>Wie machst Du das eigentlich wenn das Umgebungslicht zu hell f\u00fcr die gew\u00fcnschte Belichtung (zB. F2.8 bei 1\/250) wird?<\/p><\/blockquote>\n<p>Diese Frage fand ich so wichtig, da\u00df sie nicht in einer kurzen Kommentar-Antwort untergehen sollte.<\/p>\n<p><!--more-->Das Problem ganz kurz erkl\u00e4rt:<\/p>\n<p>Die korrekte Belichtung von Tages- bzw. Umgebungslicht ben\u00f6tigt eine bestimmte Zeit-\/Blendenkombination. M\u00f6chte man, der Tiefen(un)sch\u00e4rfe wegen, mit einer offenen Blende (kleinen Blendenzahl) arbeiten, ergibt das bei starkem Licht eine recht kurze Verschlusszeit. Arbeitet man aber zus\u00e4tzlich auch noch mit Blitz, ist die K\u00fcrze der Verschlusszeit durch die X-Synchronzeit der Kamera begrenzt. Diese ist f\u00fcr jede Kamera spezifisch, liegt aber bei modernen Kameras oft im Bereich von etwa 1\/200 s.<\/p>\n<p>Man mu\u00df also irgendwie die vom Sensor aufgenommene bzw. ausgewertete Lichtmenge begrenzen.<\/p>\n<p>Hier die M\u00f6glichkeiten.<\/p>\n<ul>\n<li><span style=\"color: #000080;\">ISO\/ASA-Einstellung der Kamera<\/span><\/li>\n<\/ul>\n<p>W\u00e4hlt einen m\u00f6glichst niedrigen ISO-Wert in der Kamera (ISO 100 oder 50 bei Canon, ISO 200 oder 100 bei den meisten Nikon-Kameras). Durch die geringere Empfindlichkeit werden die Verschlusszeiten bei gleicher Blende und Beleuchtungsst\u00e4rke l\u00e4nger.<\/p>\n<figure id=\"attachment_1016\" aria-describedby=\"caption-attachment-1016\" style=\"width: 200px\" class=\"wp-caption alignleft\"><a href=\"https:\/\/www.migel-photo.com\/blog\/wp-content\/IMG_9497.jpg\" rel=\"lightbox[1013]\"><img loading=\"lazy\" class=\"size-thumbnail wp-image-1016\" title=\"Graufilter\" src=\"https:\/\/www.migel-photo.com\/blog\/wp-content\/IMG_9497-200x165.jpg\" alt=\"Graufilter\" width=\"200\" height=\"165\" srcset=\"https:\/\/migel-photo.com\/blog\/wp-content\/uploads\/IMG_9497-200x165.jpg 200w, https:\/\/migel-photo.com\/blog\/wp-content\/uploads\/IMG_9497-340x281.jpg 340w, https:\/\/migel-photo.com\/blog\/wp-content\/uploads\/IMG_9497.jpg 350w\" sizes=\"(max-width: 200px) 100vw, 200px\" \/><\/a><figcaption id=\"caption-attachment-1016\" class=\"wp-caption-text\">Graufilter<\/figcaption><\/figure>\n<ul>\n<li><span style=\"color: #000080;\">Grau- \/ Neutraldichtefilter<\/span><\/li>\n<\/ul>\n<p>Der Graufilter reduziert das durch das Objektiv einfallende Licht. Er ist farblich neutral und in verschiedenen St\u00e4rken erh\u00e4ltlich.<span style=\"color: #008000;\"> ND 2 sorgt f\u00fcr eine Blende weniger Licht, ND 4 f\u00fcr zwei Blenden, ND 8 f\u00fcr drei Blenden und so weiter<\/span>.<\/p>\n<figure id=\"attachment_1019\" aria-describedby=\"caption-attachment-1019\" style=\"width: 200px\" class=\"wp-caption alignright\"><a href=\"https:\/\/www.migel-photo.com\/blog\/wp-content\/IMG_9502.jpg\" rel=\"lightbox[1013]\"><img loading=\"lazy\" class=\"size-thumbnail wp-image-1019 \" title=\"Grauverlaufsfilter\" src=\"https:\/\/www.migel-photo.com\/blog\/wp-content\/IMG_9502-200x176.jpg\" alt=\"Grauverlaufsfilter\" width=\"200\" height=\"176\" srcset=\"https:\/\/migel-photo.com\/blog\/wp-content\/uploads\/IMG_9502-200x176.jpg 200w, https:\/\/migel-photo.com\/blog\/wp-content\/uploads\/IMG_9502-340x299.jpg 340w, https:\/\/migel-photo.com\/blog\/wp-content\/uploads\/IMG_9502.jpg 350w\" sizes=\"(max-width: 200px) 100vw, 200px\" \/><\/a><figcaption id=\"caption-attachment-1019\" class=\"wp-caption-text\">Grauverlaufsfilter<\/figcaption><\/figure>\n<ul>\n<li><span style=\"color: #000080;\">Grauverlaufsfilter<\/span><\/li>\n<\/ul>\n<p>Eine Alternative, z.B. wenn man vor allem einen hellen Himmel aber dunklen Boden hat, k\u00f6nnte ein Grauverlaufsfilter sein. Er ist <span style=\"color: #00ff00;\"><span style=\"color: #008000;\">praktisch identisch mit dem Graufilter<\/span><\/span>, ist aber <span style=\"color: #008000;\">nur zur H\u00e4lfte verdunkelt<\/span>. Es gibt verschiedene Ausf\u00fchrungen mit unterschiedlich starkem Verlauf und unterschiedlicher Abdunklung. Der &#8222;Horizont&#8220; ist drehbar.<\/p>\n<figure id=\"attachment_1026\" aria-describedby=\"caption-attachment-1026\" style=\"width: 200px\" class=\"wp-caption alignleft\"><a href=\"https:\/\/www.migel-photo.com\/blog\/wp-content\/IMG_9511.jpg\" rel=\"lightbox[1013]\"><img loading=\"lazy\" class=\"size-thumbnail wp-image-1026\" title=\"Polfilter\" src=\"https:\/\/www.migel-photo.com\/blog\/wp-content\/IMG_9511-200x157.jpg\" alt=\"Polfilter\" width=\"200\" height=\"157\" srcset=\"https:\/\/migel-photo.com\/blog\/wp-content\/uploads\/IMG_9511-200x157.jpg 200w, https:\/\/migel-photo.com\/blog\/wp-content\/uploads\/IMG_9511-340x267.jpg 340w, https:\/\/migel-photo.com\/blog\/wp-content\/uploads\/IMG_9511.jpg 350w\" sizes=\"(max-width: 200px) 100vw, 200px\" \/><\/a><figcaption id=\"caption-attachment-1026\" class=\"wp-caption-text\">Polfilter<\/figcaption><\/figure>\n<ul>\n<li><span style=\"color: #000080;\">Polfilter<\/span><\/li>\n<\/ul>\n<p>Ebenfalls lichtschluckend sind Polfilter. Durch sie gelangt<span style=\"color: #008000;\"> i.d.R. 1,5 Blenden weniger Licht<\/span> ins Objektiv. Je nach Lichteinfall und Drehgrad des Filters lassen sich zus\u00e4tzlich kr\u00e4ftigere Farben (z.B. intensiveres Himmelsblau) und eine Eliminierung von Reflektionen auf nichtmetallischen Oberfl\u00e4chen mit dem Filter erreichen.<\/p>\n<figure id=\"attachment_1029\" aria-describedby=\"caption-attachment-1029\" style=\"width: 200px\" class=\"wp-caption alignright\"><a href=\"https:\/\/www.migel-photo.com\/blog\/wp-content\/IMG_9491.jpg\" rel=\"lightbox[1013]\"><img loading=\"lazy\" class=\"size-thumbnail wp-image-1029\" title=\"Telekonverter (1.4x)\" src=\"https:\/\/www.migel-photo.com\/blog\/wp-content\/IMG_9491-200x190.jpg\" alt=\"Telekonverter (1.4x)\" width=\"200\" height=\"190\" srcset=\"https:\/\/migel-photo.com\/blog\/wp-content\/uploads\/IMG_9491-200x190.jpg 200w, https:\/\/migel-photo.com\/blog\/wp-content\/uploads\/IMG_9491-340x323.jpg 340w, https:\/\/migel-photo.com\/blog\/wp-content\/uploads\/IMG_9491.jpg 350w\" sizes=\"(max-width: 200px) 100vw, 200px\" \/><\/a><figcaption id=\"caption-attachment-1029\" class=\"wp-caption-text\">Telekonverter (1.4x)<\/figcaption><\/figure>\n<ul>\n<li><span style=\"color: #000080;\">Telekonverter<\/span><\/li>\n<\/ul>\n<p>Telekonverter sind dazu gedacht, auf relativ kosteng\u00fcnstige Weise die Brennweite von Objektiven zu verl\u00e4ngern. Sie werden dazu zwischen Kamera und Objektiv montiert. Die Nachteile sind (je nach Modell und St\u00e4rke unterschiedlich starke) Abstriche bei der Bildqualit\u00e4t und ein Lichtverlust. Telekonverter mit <span style=\"color: #008000;\">Faktor 1.4 oder 1.5 &#8222;schlucken&#8220; in der Regel eine Blende Licht<\/span>, solche<span style=\"color: #008000;\"> mit 2.0 gar zwei Blenden<\/span>. Erstere bieten in der Regel einen guten Kompromiss aus Bildqualit\u00e4t und Brennweitenverl\u00e4ngerung.<\/p>\n<p><strong>Ich mu\u00df am Schlu\u00df noch daran erinnern, da\u00df alle hier vorgestellten L\u00f6sungen die gesamte Belichtung beeinflussen, es wird also nicht nur das Umgebungslicht &#8222;schw\u00e4cher&#8220;, sondern auch das Blitzlicht (und dieses wird nicht verst\u00e4rkt durch ein Gegensteuern mit l\u00e4ngerer Verschlusszeit). F\u00fcr eine richtige Belichtung mu\u00df das Blitzlicht also entsprechend hochgeregelt werden.<\/strong><\/p>\n","protected":false},"excerpt":{"rendered":"<p>Oliver Wende fragt in einem Kommentar zum letzten Artikel: Wie machst Du das eigentlich wenn das Umgebungslicht zu hell f\u00fcr die gew\u00fcnschte Belichtung (zB. F2.8 bei 1\/250) wird? Diese Frage fand ich so wichtig, da\u00df sie nicht in einer kurzen Kommentar-Antwort untergehen sollte.<\/p>\n","protected":false},"author":9,"featured_media":0,"comment_status":"open","ping_status":"open","sticky":false,"template":"","format":"standard","meta":{"_uag_custom_page_level_css":"","site-sidebar-layout":"default","site-content-layout":"","ast-site-content-layout":"","site-content-style":"default","site-sidebar-style":"default","ast-global-header-display":"","ast-banner-title-visibility":"","ast-main-header-display":"","ast-hfb-above-header-display":"","ast-hfb-below-header-display":"","ast-hfb-mobile-header-display":"","site-post-title":"","ast-breadcrumbs-content":"","ast-featured-img":"","footer-sml-layout":"","theme-transparent-header-meta":"","adv-header-id-meta":"","stick-header-meta":"","header-above-stick-meta":"","header-main-stick-meta":"","header-below-stick-meta":"","astra-migrate-meta-layouts":"default","ast-page-background-enabled":"default","ast-page-background-meta":{"desktop":{"background-color":"","background-image":"","background-repeat":"repeat","background-position":"center center","background-size":"auto","background-attachment":"scroll","background-type":"","background-media":"","overlay-type":"","overlay-color":"","overlay-gradient":""},"tablet":{"background-color":"","background-image":"","background-repeat":"repeat","background-position":"center center","background-size":"auto","background-attachment":"scroll","background-type":"","background-media":"","overlay-type":"","overlay-color":"","overlay-gradient":""},"mobile":{"background-color":"","background-image":"","background-repeat":"repeat","background-position":"center center","background-size":"auto","background-attachment":"scroll","background-type":"","background-media":"","overlay-type":"","overlay-color":"","overlay-gradient":""}},"ast-content-background-meta":{"desktop":{"background-color":"var(--ast-global-color-5)","background-image":"","background-repeat":"repeat","background-position":"center center","background-size":"auto","background-attachment":"scroll","background-type":"","background-media":"","overlay-type":"","overlay-color":"","overlay-gradient":""},"tablet":{"background-color":"var(--ast-global-color-5)","background-image":"","background-repeat":"repeat","background-position":"center center","background-size":"auto","background-attachment":"scroll","background-type":"","background-media":"","overlay-type":"","overlay-color":"","overlay-gradient":""},"mobile":{"background-color":"var(--ast-global-color-5)","background-image":"","background-repeat":"repeat","background-position":"center center","background-size":"auto","background-attachment":"scroll","background-type":"","background-media":"","overlay-type":"","overlay-color":"","overlay-gradient":""}},"spay_email":"","jetpack_publicize_message":"","jetpack_is_tweetstorm":false,"jetpack_publicize_feature_enabled":true,"_expiration-date-status":"saved","_expiration-date":0,"_expiration-date-type":"","_expiration-date-categories":[],"_expiration-date-options":[]},"categories":[36],"tags":[274,277,52,11,267,273,269,268,109,13,279,272,271,1288,270,276,275,278],"aioseo_notices":[],"jetpack_featured_media_url":"","jetpack_publicize_connections":[],"uagb_featured_image_src":{"full":false,"thumbnail":false,"medium":false,"medium_large":false,"large":false,"1536x1536":false,"2048x2048":false},"uagb_author_info":{"display_name":"MiGel","author_link":"https:\/\/migel-photo.com\/blog\/author\/migel\/"},"uagb_comment_info":6,"uagb_excerpt":"Oliver Wende fragt in einem Kommentar zum letzten Artikel: Wie machst Du das eigentlich wenn das Umgebungslicht zu hell f\u00fcr die gew\u00fcnschte Belichtung (zB. F2.8 bei 1\/250) wird? Diese Frage fand ich so wichtig, da\u00df sie nicht in einer kurzen Kommentar-Antwort untergehen sollte.","jetpack_shortlink":"https:\/\/wp.me\/p68Ase-gl","_links":{"self":[{"href":"https:\/\/migel-photo.com\/blog\/wp-json\/wp\/v2\/posts\/1013"}],"collection":[{"href":"https:\/\/migel-photo.com\/blog\/wp-json\/wp\/v2\/posts"}],"about":[{"href":"https:\/\/migel-photo.com\/blog\/wp-json\/wp\/v2\/types\/post"}],"author":[{"embeddable":true,"href":"https:\/\/migel-photo.com\/blog\/wp-json\/wp\/v2\/users\/9"}],"replies":[{"embeddable":true,"href":"https:\/\/migel-photo.com\/blog\/wp-json\/wp\/v2\/comments?post=1013"}],"version-history":[{"count":0,"href":"https:\/\/migel-photo.com\/blog\/wp-json\/wp\/v2\/posts\/1013\/revisions"}],"wp:attachment":[{"href":"https:\/\/migel-photo.com\/blog\/wp-json\/wp\/v2\/media?parent=1013"}],"wp:term":[{"taxonomy":"category","embeddable":true,"href":"https:\/\/migel-photo.com\/blog\/wp-json\/wp\/v2\/categories?post=1013"},{"taxonomy":"post_tag","embeddable":true,"href":"https:\/\/migel-photo.com\/blog\/wp-json\/wp\/v2\/tags?post=1013"}],"curies":[{"name":"wp","href":"https:\/\/api.w.org\/{rel}","templated":true}]}}